{"id":886,"date":"2017-09-20T09:15:34","date_gmt":"2017-09-20T09:15:34","guid":{"rendered":"http:\/\/www.zagiel.org\/?p=886"},"modified":"2017-09-20T14:23:25","modified_gmt":"2017-09-20T14:23:25","slug":"inauguracja-iii-ligi","status":"publish","type":"post","link":"https:\/\/www.zagiel.org\/?p=886","title":{"rendered":"Inauguracja III ligi"},"content":{"rendered":"<p>Wyjazdowym meczem z Lubcz\u0105 Rac\u0142aw\u00f3wka 7 pa\u017adziernika rozpoczniemy kolejny sezon rozgrywek w III lidze. \u00a0 \u00a0 \u00a0 \u00a0 \u00a0 \u00a0 \u00a0 \u00a0 \u00a0 \u00a0 \u00a0 \u00a0 \u00a0 \u00a0 \u00a0 \u00a0 \u00a0 \u00a0 \u00a0 \u00a0 \u00a0 \u00a0 \u00a0 \u00a0 \u00a0 \u00a0 \u00a0 \u00a0 \u00a0 \u00a0 \u00a0 \u00a0 \u00a0 \u00a0 \u00a0 \u00a0 \u00a0 \u00a0 \u00a0 \u00a0 \u00a0 \u00a0 \u00a0 \u00a0 \u00a0 \u00a0 \u00a0 \u00a0 \u00a0 \u00a0 \u00a0 \u00a0Inauguracja w hali radymnia\u0144skiej b\u0119dzie mia\u0142a miejsce tydzie\u0144 p\u00f3\u017aniej, \u00a0tj 14 pa\u017adziernika a naszym przeciwnikiem b\u0119dzie dru\u017cyna APPGO II LO Rzesz\u00f3w.<\/p>\n<p>W rozgrywkach wyst\u0105pi w tym roku 12 dru\u017cyn. Nowymi ekipami s\u0105 PZL S\u0119dzisz\u00f3w (spadkowicz z II ligi) oraz Siarka Tarnobrzeg i Sportur Gmina \u0141ancut ( awans z IV ligi).<\/p>\n<p>Pe\u0142ny terminarz \u00a0w zak\u0142adce &#8222;terminarze&#8221;<\/p>\n","protected":false},"excerpt":{"rendered":"<p>Wyjazdowym meczem z Lubcz\u0105 Rac\u0142aw\u00f3wka 7 pa\u017adziernika rozpoczniemy kolejny sezon rozgrywek w III lidze. \u00a0 \u00a0 \u00a0 \u00a0 \u00a0 \u00a0 \u00a0 \u00a0 \u00a0 \u00a0 \u00a0 \u00a0 \u00a0 \u00a0 \u00a0 \u00a0 \u00a0 \u00a0 \u00a0 \u00a0 \u00a0 \u00a0 \u00a0 \u00a0 \u00a0 \u00a0 \u00a0 \u00a0 \u00a0 \u00a0 \u00a0 \u00a0 \u00a0 \u00a0 \u00a0 \u00a0 \u00a0 \u00a0 \u00a0 \u00a0 \u00a0 [&hellip;]<\/p>\n","protected":false},"author":1,"featured_media":0,"comment_status":"open","ping_status":"open","sticky":false,"template":"","format":"standard","meta":{"footnotes":""},"categories":[1],"tags":[],"class_list":["post-886","post","type-post","status-publish","format-standard","hentry","category-seniorzy"],"_links":{"self":[{"href":"https:\/\/www.zagiel.org\/index.php?rest_route=\/wp\/v2\/posts\/886","targetHints":{"allow":["GET"]}}],"collection":[{"href":"https:\/\/www.zagiel.org\/index.php?rest_route=\/wp\/v2\/posts"}],"about":[{"href":"https:\/\/www.zagiel.org\/index.php?rest_route=\/wp\/v2\/types\/post"}],"author":[{"embeddable":true,"href":"https:\/\/www.zagiel.org\/index.php?rest_route=\/wp\/v2\/users\/1"}],"replies":[{"embeddable":true,"href":"https:\/\/www.zagiel.org\/index.php?rest_route=%2Fwp%2Fv2%2Fcomments&post=886"}],"version-history":[{"count":7,"href":"https:\/\/www.zagiel.org\/index.php?rest_route=\/wp\/v2\/posts\/886\/revisions"}],"predecessor-version":[{"id":894,"href":"https:\/\/www.zagiel.org\/index.php?rest_route=\/wp\/v2\/posts\/886\/revisions\/894"}],"wp:attachment":[{"href":"https:\/\/www.zagiel.org\/index.php?rest_route=%2Fwp%2Fv2%2Fmedia&parent=886"}],"wp:term":[{"taxonomy":"category","embeddable":true,"href":"https:\/\/www.zagiel.org\/index.php?rest_route=%2Fwp%2Fv2%2Fcategories&post=886"},{"taxonomy":"post_tag","embeddable":true,"href":"https:\/\/www.zagiel.org\/index.php?rest_route=%2Fwp%2Fv2%2Ftags&post=886"}],"curies":[{"name":"wp","href":"https:\/\/api.w.org\/{rel}","templated":true}]}}