{"id":1332,"date":"2019-12-03T18:39:44","date_gmt":"2019-12-03T16:39:44","guid":{"rendered":"http:\/\/www.zagiel.org\/?p=1332"},"modified":"2019-12-03T19:04:10","modified_gmt":"2019-12-03T17:04:10","slug":"nabor-do-sekcji-mlodziezowych","status":"publish","type":"post","link":"https:\/\/www.zagiel.org\/?p=1332","title":{"rendered":"Nab\u00f3r do sekcji m\u0142odzie\u017cowych"},"content":{"rendered":"<h4 style=\"text-align: center;\">Od stycznia 2020 roku rozpoczynamy treningi sekcji m\u0142odzie\u017cowych. Zapraszamy ch\u0142opc\u00f3w urodzonych w latach 2002 i m\u0142odszych. Dla ka\u017cdego znajdzie si\u0119 miejsce.<\/h4>\n<p style=\"text-align: center;\"><a href=\"http:\/\/www.zagiel.org\/wp-content\/uploads\/2018\/02\/nabor2018.jpg\"><img loading=\"lazy\" decoding=\"async\" class=\"aligncenter size-full wp-image-935\" src=\"http:\/\/www.zagiel.org\/wp-content\/uploads\/2018\/02\/nabor2018.jpg\" alt=\"\" width=\"679\" height=\"960\"\/><\/a><\/p>\n<p><a href=\"https:\/\/www.facebook.com\/events\/553032585257443\/\" target=\"_blank\" rel=\"noopener noreferrer\">znajdziesz nas na Facebooku&nbsp;<\/a><\/p>\n<p>&nbsp;<\/p>\n","protected":false},"excerpt":{"rendered":"<p>Od stycznia 2020 roku rozpoczynamy treningi sekcji m\u0142odzie\u017cowych. Zapraszamy ch\u0142opc\u00f3w urodzonych w latach 2002 i m\u0142odszych. Dla ka\u017cdego znajdzie si\u0119 miejsce. znajdziesz nas na Facebooku&nbsp; &nbsp;<\/p>\n","protected":false},"author":1,"featured_media":0,"comment_status":"closed","ping_status":"open","sticky":false,"template":"","format":"standard","meta":{"footnotes":""},"categories":[1],"tags":[41,42,9,40,38,10,6],"class_list":["post-1332","post","type-post","status-publish","format-standard","hentry","category-seniorzy","tag-juniorzy","tag-kadeci","tag-mecz","tag-nabor","tag-radymno","tag-siatkowka","tag-zagiel"],"_links":{"self":[{"href":"https:\/\/www.zagiel.org\/index.php?rest_route=\/wp\/v2\/posts\/1332","targetHints":{"allow":["GET"]}}],"collection":[{"href":"https:\/\/www.zagiel.org\/index.php?rest_route=\/wp\/v2\/posts"}],"about":[{"href":"https:\/\/www.zagiel.org\/index.php?rest_route=\/wp\/v2\/types\/post"}],"author":[{"embeddable":true,"href":"https:\/\/www.zagiel.org\/index.php?rest_route=\/wp\/v2\/users\/1"}],"replies":[{"embeddable":true,"href":"https:\/\/www.zagiel.org\/index.php?rest_route=%2Fwp%2Fv2%2Fcomments&post=1332"}],"version-history":[{"count":6,"href":"https:\/\/www.zagiel.org\/index.php?rest_route=\/wp\/v2\/posts\/1332\/revisions"}],"predecessor-version":[{"id":1338,"href":"https:\/\/www.zagiel.org\/index.php?rest_route=\/wp\/v2\/posts\/1332\/revisions\/1338"}],"wp:attachment":[{"href":"https:\/\/www.zagiel.org\/index.php?rest_route=%2Fwp%2Fv2%2Fmedia&parent=1332"}],"wp:term":[{"taxonomy":"category","embeddable":true,"href":"https:\/\/www.zagiel.org\/index.php?rest_route=%2Fwp%2Fv2%2Fcategories&post=1332"},{"taxonomy":"post_tag","embeddable":true,"href":"https:\/\/www.zagiel.org\/index.php?rest_route=%2Fwp%2Fv2%2Ftags&post=1332"}],"curies":[{"name":"wp","href":"https:\/\/api.w.org\/{rel}","templated":true}]}}